{"@context":"https:\/\/schema.org\/","@type":"CollectionPage","@id":"https:\/\/www.ocmo.cz\/zbozi\/#CollectionPage","headline":"Zbo\u017e\u00ed Category","description":"","url":"https:\/\/www.ocmo.cz\/zbozi\/","hasPart":[{"@type":"Article","@id":"https:\/\/www.ocmo.cz\/prace-a-naradi\/","headline":"Pr\u00e1ce a n\u00e1\u0159ad\u00ed","url":"https:\/\/www.ocmo.cz\/prace-a-naradi\/","datePublished":"2023-01-26","dateModified":"2023-04-27","mainEntityOfPage":"https:\/\/www.ocmo.cz\/prace-a-naradi\/","author":{"@type":"Person","@id":"https:\/\/www.ocmo.cz\/author\/#Person","name":"","url":"https:\/\/www.ocmo.cz\/author\/","identifier":1,"image":{"@type":"ImageObject","@id":"https:\/\/secure.gravatar.com\/avatar\/087c2e57f451bc02fa8017914855d7c40cf6c7d5dc1637b868e007adc26322d1?s=96&d=mm&r=g","url":"https:\/\/secure.gravatar.com\/avatar\/087c2e57f451bc02fa8017914855d7c40cf6c7d5dc1637b868e007adc26322d1?s=96&d=mm&r=g","height":96,"width":96}},"publisher":{"@type":"Organization","name":"ocmo.cz","logo":{"@type":"ImageObject","@id":"\/logo.png","url":"\/logo.png","width":600,"height":60}},"image":{"@type":"ImageObject","@id":"https:\/\/www.ocmo.cz\/wp-content\/uploads\/milling-1137974_960_720_3.jpg","url":"https:\/\/www.ocmo.cz\/wp-content\/uploads\/milling-1137974_960_720_3.jpg","height":0,"width":0},"keywords":null},{"@type":"Article","@id":"https:\/\/www.ocmo.cz\/radi-vyrabite-z-koralku-ruznou-bizuterii-a-nevite-kde-nakupovat-nabizime-koralky-z-rokajlu\/","headline":"R\u00e1di vyr\u00e1b\u00edte z kor\u00e1lk\u016f r\u016fznou bi\u017euterii a nev\u00edte kde nakupovat? Nab\u00edz\u00edme kor\u00e1lky z rokajlu!","url":"https:\/\/www.ocmo.cz\/radi-vyrabite-z-koralku-ruznou-bizuterii-a-nevite-kde-nakupovat-nabizime-koralky-z-rokajlu\/","datePublished":"2023-01-23","dateModified":"2023-04-25","mainEntityOfPage":"https:\/\/www.ocmo.cz\/radi-vyrabite-z-koralku-ruznou-bizuterii-a-nevite-kde-nakupovat-nabizime-koralky-z-rokajlu\/","author":{"@type":"Person","@id":"https:\/\/www.ocmo.cz\/author\/#Person","name":"","url":"https:\/\/www.ocmo.cz\/author\/","identifier":1,"image":{"@type":"ImageObject","@id":"https:\/\/secure.gravatar.com\/avatar\/087c2e57f451bc02fa8017914855d7c40cf6c7d5dc1637b868e007adc26322d1?s=96&d=mm&r=g","url":"https:\/\/secure.gravatar.com\/avatar\/087c2e57f451bc02fa8017914855d7c40cf6c7d5dc1637b868e007adc26322d1?s=96&d=mm&r=g","height":96,"width":96}},"publisher":{"@type":"Organization","name":"ocmo.cz","logo":{"@type":"ImageObject","@id":"\/logo.png","url":"\/logo.png","width":600,"height":60}},"image":{"@type":"ImageObject","@id":"https:\/\/www.ocmo.cz\/wp-content\/uploads\/istockphoto-1463749665-612x612.jpg","url":"https:\/\/www.ocmo.cz\/wp-content\/uploads\/istockphoto-1463749665-612x612.jpg","height":0,"width":0},"keywords":null},{"@type":"Article","@id":"https:\/\/www.ocmo.cz\/termo-leginy-pokazde-jinak\/","headline":"Termo leg\u00edny poka\u017ed\u00e9 jinak","url":"https:\/\/www.ocmo.cz\/termo-leginy-pokazde-jinak\/","datePublished":"2021-12-15","dateModified":"2023-04-25","mainEntityOfPage":"https:\/\/www.ocmo.cz\/termo-leginy-pokazde-jinak\/","author":{"@type":"Person","@id":"https:\/\/www.ocmo.cz\/author\/#Person","name":"","url":"https:\/\/www.ocmo.cz\/author\/","identifier":1,"image":{"@type":"ImageObject","@id":"https:\/\/secure.gravatar.com\/avatar\/087c2e57f451bc02fa8017914855d7c40cf6c7d5dc1637b868e007adc26322d1?s=96&d=mm&r=g","url":"https:\/\/secure.gravatar.com\/avatar\/087c2e57f451bc02fa8017914855d7c40cf6c7d5dc1637b868e007adc26322d1?s=96&d=mm&r=g","height":96,"width":96}},"publisher":{"@type":"Organization","name":"ocmo.cz","logo":{"@type":"ImageObject","@id":"\/logo.png","url":"\/logo.png","width":600,"height":60}},"image":{"@type":"ImageObject","@id":"https:\/\/www.ocmo.cz\/wp-content\/uploads\/leg%C3%ADny.jpg","url":"https:\/\/www.ocmo.cz\/wp-content\/uploads\/leg%C3%ADny.jpg","height":0,"width":0},"keywords":null},{"@type":"Article","@id":"https:\/\/www.ocmo.cz\/kyjev-brana-na-ukrajinu\/","headline":"Kyjev \u2013 br\u00e1na na Ukrajinu","url":"https:\/\/www.ocmo.cz\/kyjev-brana-na-ukrajinu\/","datePublished":"2020-07-12","dateModified":"2023-11-15","mainEntityOfPage":"https:\/\/www.ocmo.cz\/kyjev-brana-na-ukrajinu\/","author":{"@type":"Person","@id":"https:\/\/www.ocmo.cz\/author\/#Person","name":"","url":"https:\/\/www.ocmo.cz\/author\/","identifier":1,"image":{"@type":"ImageObject","@id":"https:\/\/secure.gravatar.com\/avatar\/087c2e57f451bc02fa8017914855d7c40cf6c7d5dc1637b868e007adc26322d1?s=96&d=mm&r=g","url":"https:\/\/secure.gravatar.com\/avatar\/087c2e57f451bc02fa8017914855d7c40cf6c7d5dc1637b868e007adc26322d1?s=96&d=mm&r=g","height":96,"width":96}},"publisher":{"@type":"Organization","name":"ocmo.cz","logo":{"@type":"ImageObject","@id":"\/logo.png","url":"\/logo.png","width":600,"height":60}},"image":{"@type":"ImageObject","@id":"https:\/\/www.ocmo.cz\/wp-content\/uploads\/kyjev3.jpg","url":"https:\/\/www.ocmo.cz\/wp-content\/uploads\/kyjev3.jpg","height":0,"width":0},"keywords":null},{"@type":"Article","@id":"https:\/\/www.ocmo.cz\/nejlevnejsi-letenky-pro-kazdeho\/","headline":"Nejlevn\u011bj\u0161\u00ed letenky pro ka\u017ed\u00e9ho","url":"https:\/\/www.ocmo.cz\/nejlevnejsi-letenky-pro-kazdeho\/","datePublished":"2020-07-12","dateModified":"2024-01-04","mainEntityOfPage":"https:\/\/www.ocmo.cz\/nejlevnejsi-letenky-pro-kazdeho\/","author":{"@type":"Person","@id":"https:\/\/www.ocmo.cz\/author\/#Person","name":"","url":"https:\/\/www.ocmo.cz\/author\/","identifier":1,"image":{"@type":"ImageObject","@id":"https:\/\/secure.gravatar.com\/avatar\/087c2e57f451bc02fa8017914855d7c40cf6c7d5dc1637b868e007adc26322d1?s=96&d=mm&r=g","url":"https:\/\/secure.gravatar.com\/avatar\/087c2e57f451bc02fa8017914855d7c40cf6c7d5dc1637b868e007adc26322d1?s=96&d=mm&r=g","height":96,"width":96}},"publisher":{"@type":"Organization","name":"ocmo.cz","logo":{"@type":"ImageObject","@id":"\/logo.png","url":"\/logo.png","width":600,"height":60}},"image":{"@type":"ImageObject","@id":"https:\/\/www.ocmo.cz\/wp-content\/uploads\/vyberte%20nejlevn%C4%9Bj%C5%A1%C3%AD%20letenky.jpg","url":"https:\/\/www.ocmo.cz\/wp-content\/uploads\/vyberte%20nejlevn%C4%9Bj%C5%A1%C3%AD%20letenky.jpg","height":0,"width":0},"keywords":null},{"@type":"Article","@id":"https:\/\/www.ocmo.cz\/kde-vsude-muzeme-najit-vypinace-schneider\/","headline":"Kde v\u0161ude m\u016f\u017eeme naj\u00edt vyp\u00edna\u010de Schneider","url":"https:\/\/www.ocmo.cz\/kde-vsude-muzeme-najit-vypinace-schneider\/","datePublished":"2020-04-19","dateModified":"2024-01-29","mainEntityOfPage":"https:\/\/www.ocmo.cz\/kde-vsude-muzeme-najit-vypinace-schneider\/","author":{"@type":"Person","@id":"https:\/\/www.ocmo.cz\/author\/#Person","name":"","url":"https:\/\/www.ocmo.cz\/author\/","identifier":1,"image":{"@type":"ImageObject","@id":"https:\/\/secure.gravatar.com\/avatar\/087c2e57f451bc02fa8017914855d7c40cf6c7d5dc1637b868e007adc26322d1?s=96&d=mm&r=g","url":"https:\/\/secure.gravatar.com\/avatar\/087c2e57f451bc02fa8017914855d7c40cf6c7d5dc1637b868e007adc26322d1?s=96&d=mm&r=g","height":96,"width":96}},"publisher":{"@type":"Organization","name":"ocmo.cz","logo":{"@type":"ImageObject","@id":"\/logo.png","url":"\/logo.png","width":600,"height":60}},"image":{"@type":"ImageObject","@id":"https:\/\/www.ocmo.cz\/wp-content\/uploads\/vypinac1_1.jpg","url":"https:\/\/www.ocmo.cz\/wp-content\/uploads\/vypinac1_1.jpg","height":0,"width":0},"keywords":null},{"@type":"Article","@id":"https:\/\/www.ocmo.cz\/proc-je-vypinac-tak-uzitecny\/","headline":"Pro\u010d je vyp\u00edna\u010d tak u\u017eite\u010dn\u00fd","url":"https:\/\/www.ocmo.cz\/proc-je-vypinac-tak-uzitecny\/","datePublished":"2020-04-19","dateModified":"2024-01-29","mainEntityOfPage":"https:\/\/www.ocmo.cz\/proc-je-vypinac-tak-uzitecny\/","author":{"@type":"Person","@id":"https:\/\/www.ocmo.cz\/author\/#Person","name":"","url":"https:\/\/www.ocmo.cz\/author\/","identifier":1,"image":{"@type":"ImageObject","@id":"https:\/\/secure.gravatar.com\/avatar\/087c2e57f451bc02fa8017914855d7c40cf6c7d5dc1637b868e007adc26322d1?s=96&d=mm&r=g","url":"https:\/\/secure.gravatar.com\/avatar\/087c2e57f451bc02fa8017914855d7c40cf6c7d5dc1637b868e007adc26322d1?s=96&d=mm&r=g","height":96,"width":96}},"publisher":{"@type":"Organization","name":"ocmo.cz","logo":{"@type":"ImageObject","@id":"\/logo.png","url":"\/logo.png","width":600,"height":60}},"image":{"@type":"ImageObject","@id":"https:\/\/www.ocmo.cz\/wp-content\/uploads\/vypinac3_1.png","url":"https:\/\/www.ocmo.cz\/wp-content\/uploads\/vypinac3_1.png","height":0,"width":0},"keywords":null},{"@type":"Article","@id":"https:\/\/www.ocmo.cz\/vymente-sve-stavajici-zasuvky-a-vypinace-za-nove-a-lepsi\/","headline":"Vym\u011b\u0148te sv\u00e9 st\u00e1vaj\u00edc\u00ed z\u00e1suvky a vyp\u00edna\u010de za nov\u00e9 a lep\u0161\u00ed","url":"https:\/\/www.ocmo.cz\/vymente-sve-stavajici-zasuvky-a-vypinace-za-nove-a-lepsi\/","datePublished":"2020-04-19","dateModified":"2024-01-29","mainEntityOfPage":"https:\/\/www.ocmo.cz\/vymente-sve-stavajici-zasuvky-a-vypinace-za-nove-a-lepsi\/","author":{"@type":"Person","@id":"https:\/\/www.ocmo.cz\/author\/#Person","name":"","url":"https:\/\/www.ocmo.cz\/author\/","identifier":1,"image":{"@type":"ImageObject","@id":"https:\/\/secure.gravatar.com\/avatar\/087c2e57f451bc02fa8017914855d7c40cf6c7d5dc1637b868e007adc26322d1?s=96&d=mm&r=g","url":"https:\/\/secure.gravatar.com\/avatar\/087c2e57f451bc02fa8017914855d7c40cf6c7d5dc1637b868e007adc26322d1?s=96&d=mm&r=g","height":96,"width":96}},"publisher":{"@type":"Organization","name":"ocmo.cz","logo":{"@type":"ImageObject","@id":"\/logo.png","url":"\/logo.png","width":600,"height":60}},"image":{"@type":"ImageObject","@id":"https:\/\/www.ocmo.cz\/wp-content\/uploads\/elektrik-3536769_640_1.jpg","url":"https:\/\/www.ocmo.cz\/wp-content\/uploads\/elektrik-3536769_640_1.jpg","height":0,"width":0},"keywords":null},{"@type":"Article","@id":"https:\/\/www.ocmo.cz\/svitit-levneji-neni-zadna-veda\/","headline":"Sv\u00edtit levn\u011bji nen\u00ed \u017e\u00e1dn\u00e1 v\u011bda","url":"https:\/\/www.ocmo.cz\/svitit-levneji-neni-zadna-veda\/","datePublished":"2020-04-19","dateModified":"2024-01-29","mainEntityOfPage":"https:\/\/www.ocmo.cz\/svitit-levneji-neni-zadna-veda\/","author":{"@type":"Person","@id":"https:\/\/www.ocmo.cz\/author\/#Person","name":"","url":"https:\/\/www.ocmo.cz\/author\/","identifier":1,"image":{"@type":"ImageObject","@id":"https:\/\/secure.gravatar.com\/avatar\/087c2e57f451bc02fa8017914855d7c40cf6c7d5dc1637b868e007adc26322d1?s=96&d=mm&r=g","url":"https:\/\/secure.gravatar.com\/avatar\/087c2e57f451bc02fa8017914855d7c40cf6c7d5dc1637b868e007adc26322d1?s=96&d=mm&r=g","height":96,"width":96}},"publisher":{"@type":"Organization","name":"ocmo.cz","logo":{"@type":"ImageObject","@id":"\/logo.png","url":"\/logo.png","width":600,"height":60}},"image":{"@type":"ImageObject","@id":"https:\/\/www.ocmo.cz\/wp-content\/uploads\/toc%CC%8Cita%CC%81%20za%CC%81r%CC%8Civka.jpg","url":"https:\/\/www.ocmo.cz\/wp-content\/uploads\/toc%CC%8Cita%CC%81%20za%CC%81r%CC%8Civka.jpg","height":0,"width":0},"keywords":null},{"@type":"Article","@id":"https:\/\/www.ocmo.cz\/jak-to-udelat-abyste-si-doma-mohli-vice-uzivat-a-mene-pracovat\/","headline":"Jak to ud\u011blat, abyste si doma mohli v\u00edce u\u017e\u00edvat a m\u00e9n\u011b pracovat?","url":"https:\/\/www.ocmo.cz\/jak-to-udelat-abyste-si-doma-mohli-vice-uzivat-a-mene-pracovat\/","datePublished":"2020-04-19","dateModified":"2024-01-29","mainEntityOfPage":"https:\/\/www.ocmo.cz\/jak-to-udelat-abyste-si-doma-mohli-vice-uzivat-a-mene-pracovat\/","author":{"@type":"Person","@id":"https:\/\/www.ocmo.cz\/author\/#Person","name":"","url":"https:\/\/www.ocmo.cz\/author\/","identifier":1,"image":{"@type":"ImageObject","@id":"https:\/\/secure.gravatar.com\/avatar\/087c2e57f451bc02fa8017914855d7c40cf6c7d5dc1637b868e007adc26322d1?s=96&d=mm&r=g","url":"https:\/\/secure.gravatar.com\/avatar\/087c2e57f451bc02fa8017914855d7c40cf6c7d5dc1637b868e007adc26322d1?s=96&d=mm&r=g","height":96,"width":96}},"publisher":{"@type":"Organization","name":"ocmo.cz","logo":{"@type":"ImageObject","@id":"\/logo.png","url":"\/logo.png","width":600,"height":60}},"image":{"@type":"ImageObject","@id":"https:\/\/www.ocmo.cz\/wp-content\/uploads\/things-2155563_640.jpg","url":"https:\/\/www.ocmo.cz\/wp-content\/uploads\/things-2155563_640.jpg","height":0,"width":0},"keywords":null}]}