[{"@context":"https:\/\/schema.org\/","@type":"Blog","@id":"https:\/\/www.ocmo.cz#Blog","headline":"Ocmo","description":"\nNe v\u0161echny weby nab\u00edzej\u00ed lidem pomoc v nesn\u00e1z\u00edch. A proto je tak d\u016fle\u017eit\u00e9 v\u011bd\u011bt, \u017ee existuje i tento web, na kter\u00e9m se i v\u00e1m osobn\u011b pomoc nab\u00edz\u00ed.","url":"https:\/\/www.ocmo.cz","hasPart":[{"@type":"Article","@id":"https:\/\/www.ocmo.cz\/ucetni\/","headline":"\u00da\u010detn\u00ed","url":"https:\/\/www.ocmo.cz\/ucetni\/","datePublished":"2025-02-04","dateModified":"2025-02-04","mainEntityOfPage":"https:\/\/www.ocmo.cz\/ucetni\/","author":{"@type":"Person","@id":"https:\/\/www.ocmo.cz\/author\/#Person","name":"","url":"https:\/\/www.ocmo.cz\/author\/","identifier":1,"image":{"@type":"ImageObject","@id":"https:\/\/secure.gravatar.com\/avatar\/087c2e57f451bc02fa8017914855d7c40cf6c7d5dc1637b868e007adc26322d1?s=96&d=mm&r=g","url":"https:\/\/secure.gravatar.com\/avatar\/087c2e57f451bc02fa8017914855d7c40cf6c7d5dc1637b868e007adc26322d1?s=96&d=mm&r=g","height":96,"width":96}},"publisher":{"@type":"Organization","name":"ocmo.cz","logo":{"@type":"ImageObject","@id":"\/logo.png","url":"\/logo.png","width":600,"height":60}},"image":null,"wordCount":227,"keywords":null},{"@type":"Article","@id":"https:\/\/www.ocmo.cz\/obycejna-dekorace-dokaze-okouzlit\/","headline":"Oby\u010dejn\u00e1 dekorace dok\u00e1\u017ee okouzlit","url":"https:\/\/www.ocmo.cz\/obycejna-dekorace-dokaze-okouzlit\/","datePublished":"2025-01-27","dateModified":"2025-01-27","mainEntityOfPage":"https:\/\/www.ocmo.cz\/obycejna-dekorace-dokaze-okouzlit\/","author":{"@type":"Person","@id":"https:\/\/www.ocmo.cz\/author\/#Person","name":"","url":"https:\/\/www.ocmo.cz\/author\/","identifier":1,"image":{"@type":"ImageObject","@id":"https:\/\/secure.gravatar.com\/avatar\/087c2e57f451bc02fa8017914855d7c40cf6c7d5dc1637b868e007adc26322d1?s=96&d=mm&r=g","url":"https:\/\/secure.gravatar.com\/avatar\/087c2e57f451bc02fa8017914855d7c40cf6c7d5dc1637b868e007adc26322d1?s=96&d=mm&r=g","height":96,"width":96}},"publisher":{"@type":"Organization","name":"ocmo.cz","logo":{"@type":"ImageObject","@id":"\/logo.png","url":"\/logo.png","width":600,"height":60}},"image":null,"wordCount":203,"keywords":null},{"@type":"Article","@id":"https:\/\/www.ocmo.cz\/prukaz-co-rozhoduje\/","headline":"Pr\u016fkaz, co rozhoduje","url":"https:\/\/www.ocmo.cz\/prukaz-co-rozhoduje\/","datePublished":"2025-01-23","dateModified":"2025-01-23","mainEntityOfPage":"https:\/\/www.ocmo.cz\/prukaz-co-rozhoduje\/","author":{"@type":"Person","@id":"https:\/\/www.ocmo.cz\/author\/#Person","name":"","url":"https:\/\/www.ocmo.cz\/author\/","identifier":1,"image":{"@type":"ImageObject","@id":"https:\/\/secure.gravatar.com\/avatar\/087c2e57f451bc02fa8017914855d7c40cf6c7d5dc1637b868e007adc26322d1?s=96&d=mm&r=g","url":"https:\/\/secure.gravatar.com\/avatar\/087c2e57f451bc02fa8017914855d7c40cf6c7d5dc1637b868e007adc26322d1?s=96&d=mm&r=g","height":96,"width":96}},"publisher":{"@type":"Organization","name":"ocmo.cz","logo":{"@type":"ImageObject","@id":"\/logo.png","url":"\/logo.png","width":600,"height":60}},"image":null,"wordCount":286,"keywords":null},{"@type":"Article","@id":"https:\/\/www.ocmo.cz\/jdete-vybirat-nova-okna-alu-okna-zjistete-si-o-nich-vsechno\/","headline":"Jdete vyb\u00edrat nov\u00e1 okna? Alu okna, zjist\u011bte si o nich v\u0161echno.","url":"https:\/\/www.ocmo.cz\/jdete-vybirat-nova-okna-alu-okna-zjistete-si-o-nich-vsechno\/","datePublished":"2025-01-15","dateModified":"2025-01-15","mainEntityOfPage":"https:\/\/www.ocmo.cz\/jdete-vybirat-nova-okna-alu-okna-zjistete-si-o-nich-vsechno\/","author":{"@type":"Person","@id":"https:\/\/www.ocmo.cz\/author\/#Person","name":"","url":"https:\/\/www.ocmo.cz\/author\/","identifier":1,"image":{"@type":"ImageObject","@id":"https:\/\/secure.gravatar.com\/avatar\/087c2e57f451bc02fa8017914855d7c40cf6c7d5dc1637b868e007adc26322d1?s=96&d=mm&r=g","url":"https:\/\/secure.gravatar.com\/avatar\/087c2e57f451bc02fa8017914855d7c40cf6c7d5dc1637b868e007adc26322d1?s=96&d=mm&r=g","height":96,"width":96}},"publisher":{"@type":"Organization","name":"ocmo.cz","logo":{"@type":"ImageObject","@id":"\/logo.png","url":"\/logo.png","width":600,"height":60}},"image":null,"wordCount":227,"keywords":null},{"@type":"Article","@id":"https:\/\/www.ocmo.cz\/pr-clanky\/","headline":"PR \u010dl\u00e1nky","url":"https:\/\/www.ocmo.cz\/pr-clanky\/","datePublished":"2025-01-09","dateModified":"2025-01-09","mainEntityOfPage":"https:\/\/www.ocmo.cz\/pr-clanky\/","author":{"@type":"Person","@id":"https:\/\/www.ocmo.cz\/author\/#Person","name":"","url":"https:\/\/www.ocmo.cz\/author\/","identifier":1,"image":{"@type":"ImageObject","@id":"https:\/\/secure.gravatar.com\/avatar\/087c2e57f451bc02fa8017914855d7c40cf6c7d5dc1637b868e007adc26322d1?s=96&d=mm&r=g","url":"https:\/\/secure.gravatar.com\/avatar\/087c2e57f451bc02fa8017914855d7c40cf6c7d5dc1637b868e007adc26322d1?s=96&d=mm&r=g","height":96,"width":96}},"publisher":{"@type":"Organization","name":"ocmo.cz","logo":{"@type":"ImageObject","@id":"\/logo.png","url":"\/logo.png","width":600,"height":60}},"image":null,"wordCount":226,"keywords":null},{"@type":"Article","@id":"https:\/\/www.ocmo.cz\/hory-lakaji-v-kazdem-rocnim-obdobi\/","headline":"Hory l\u00e1kaj\u00ed v\u00a0ka\u017ed\u00e9m ro\u010dn\u00edm obdob\u00ed","url":"https:\/\/www.ocmo.cz\/hory-lakaji-v-kazdem-rocnim-obdobi\/","datePublished":"2025-01-02","dateModified":"2025-01-02","mainEntityOfPage":"https:\/\/www.ocmo.cz\/hory-lakaji-v-kazdem-rocnim-obdobi\/","author":{"@type":"Person","@id":"https:\/\/www.ocmo.cz\/author\/#Person","name":"","url":"https:\/\/www.ocmo.cz\/author\/","identifier":1,"image":{"@type":"ImageObject","@id":"https:\/\/secure.gravatar.com\/avatar\/087c2e57f451bc02fa8017914855d7c40cf6c7d5dc1637b868e007adc26322d1?s=96&d=mm&r=g","url":"https:\/\/secure.gravatar.com\/avatar\/087c2e57f451bc02fa8017914855d7c40cf6c7d5dc1637b868e007adc26322d1?s=96&d=mm&r=g","height":96,"width":96}},"publisher":{"@type":"Organization","name":"ocmo.cz","logo":{"@type":"ImageObject","@id":"\/logo.png","url":"\/logo.png","width":600,"height":60}},"image":null,"wordCount":238,"keywords":null},{"@type":"Article","@id":"https:\/\/www.ocmo.cz\/podlehnete-chladivemu-kouzlu-zmrzliny\/","headline":"Podlehn\u011bte chladiv\u00e9mu kouzlu zmrzliny","url":"https:\/\/www.ocmo.cz\/podlehnete-chladivemu-kouzlu-zmrzliny\/","datePublished":"2024-12-25","dateModified":"2024-12-25","mainEntityOfPage":"https:\/\/www.ocmo.cz\/podlehnete-chladivemu-kouzlu-zmrzliny\/","author":{"@type":"Person","@id":"https:\/\/www.ocmo.cz\/author\/#Person","name":"","url":"https:\/\/www.ocmo.cz\/author\/","identifier":1,"image":{"@type":"ImageObject","@id":"https:\/\/secure.gravatar.com\/avatar\/087c2e57f451bc02fa8017914855d7c40cf6c7d5dc1637b868e007adc26322d1?s=96&d=mm&r=g","url":"https:\/\/secure.gravatar.com\/avatar\/087c2e57f451bc02fa8017914855d7c40cf6c7d5dc1637b868e007adc26322d1?s=96&d=mm&r=g","height":96,"width":96}},"publisher":{"@type":"Organization","name":"ocmo.cz","logo":{"@type":"ImageObject","@id":"\/logo.png","url":"\/logo.png","width":600,"height":60}},"image":null,"wordCount":305,"keywords":null},{"@type":"Article","@id":"https:\/\/www.ocmo.cz\/rozbil-se-vam-vas-plechovy-milacek\/","headline":"Rozbil se v\u00e1m v\u00e1\u0161 plechov\u00fd mil\u00e1\u010dek?","url":"https:\/\/www.ocmo.cz\/rozbil-se-vam-vas-plechovy-milacek\/","datePublished":"2024-12-18","dateModified":"2024-12-18","mainEntityOfPage":"https:\/\/www.ocmo.cz\/rozbil-se-vam-vas-plechovy-milacek\/","author":{"@type":"Person","@id":"https:\/\/www.ocmo.cz\/author\/#Person","name":"","url":"https:\/\/www.ocmo.cz\/author\/","identifier":1,"image":{"@type":"ImageObject","@id":"https:\/\/secure.gravatar.com\/avatar\/087c2e57f451bc02fa8017914855d7c40cf6c7d5dc1637b868e007adc26322d1?s=96&d=mm&r=g","url":"https:\/\/secure.gravatar.com\/avatar\/087c2e57f451bc02fa8017914855d7c40cf6c7d5dc1637b868e007adc26322d1?s=96&d=mm&r=g","height":96,"width":96}},"publisher":{"@type":"Organization","name":"ocmo.cz","logo":{"@type":"ImageObject","@id":"\/logo.png","url":"\/logo.png","width":600,"height":60}},"image":null,"wordCount":221,"keywords":null},{"@type":"Article","@id":"https:\/\/www.ocmo.cz\/jak-si-udelat-lepsi-zivot\/","headline":"Jak si ud\u011blat lep\u0161\u00ed \u017eivot?","url":"https:\/\/www.ocmo.cz\/jak-si-udelat-lepsi-zivot\/","datePublished":"2024-12-14","dateModified":"2024-12-14","mainEntityOfPage":"https:\/\/www.ocmo.cz\/jak-si-udelat-lepsi-zivot\/","author":{"@type":"Person","@id":"https:\/\/www.ocmo.cz\/author\/#Person","name":"","url":"https:\/\/www.ocmo.cz\/author\/","identifier":1,"image":{"@type":"ImageObject","@id":"https:\/\/secure.gravatar.com\/avatar\/087c2e57f451bc02fa8017914855d7c40cf6c7d5dc1637b868e007adc26322d1?s=96&d=mm&r=g","url":"https:\/\/secure.gravatar.com\/avatar\/087c2e57f451bc02fa8017914855d7c40cf6c7d5dc1637b868e007adc26322d1?s=96&d=mm&r=g","height":96,"width":96}},"publisher":{"@type":"Organization","name":"ocmo.cz","logo":{"@type":"ImageObject","@id":"\/logo.png","url":"\/logo.png","width":600,"height":60}},"image":null,"wordCount":245,"keywords":null},{"@type":"Article","@id":"https:\/\/www.ocmo.cz\/stehovani-muze-byt-hracka\/","headline":"St\u011bhov\u00e1n\u00ed m\u016f\u017ee b\u00fdt hra\u010dka","url":"https:\/\/www.ocmo.cz\/stehovani-muze-byt-hracka\/","datePublished":"2024-12-10","dateModified":"2024-12-10","mainEntityOfPage":"https:\/\/www.ocmo.cz\/stehovani-muze-byt-hracka\/","author":{"@type":"Person","@id":"https:\/\/www.ocmo.cz\/author\/#Person","name":"","url":"https:\/\/www.ocmo.cz\/author\/","identifier":1,"image":{"@type":"ImageObject","@id":"https:\/\/secure.gravatar.com\/avatar\/087c2e57f451bc02fa8017914855d7c40cf6c7d5dc1637b868e007adc26322d1?s=96&d=mm&r=g","url":"https:\/\/secure.gravatar.com\/avatar\/087c2e57f451bc02fa8017914855d7c40cf6c7d5dc1637b868e007adc26322d1?s=96&d=mm&r=g","height":96,"width":96}},"publisher":{"@type":"Organization","name":"ocmo.cz","logo":{"@type":"ImageObject","@id":"\/logo.png","url":"\/logo.png","width":600,"height":60}},"image":{"@type":"ImageObject","@id":"https:\/\/www.ocmo.cz\/wp-content\/uploads\/ssssssssssssssssssssssssssssssss_2.jpg","url":"https:\/\/www.ocmo.cz\/wp-content\/uploads\/ssssssssssssssssssssssssssssssss_2.jpg","height":0,"width":0},"wordCount":619,"keywords":null}]},{"@context":"https:\/\/schema.org","@type":"WebSite","@id":"https:\/\/www.ocmo.cz\/#website","name":"Ocmo","url":"https:\/\/www.ocmo.cz","potentialAction":{"@type":"SearchAction","target":"https:\/\/www.ocmo.cz\/?s={search_term_string}","query-input":"required name=search_term_string"}}]