[{"@context":"https:\/\/schema.org\/","@type":"Article","@id":"https:\/\/www.ocmo.cz\/kdy-je-vhodne-najmout-si-zahradnika\/#Article","mainEntityOfPage":"https:\/\/www.ocmo.cz\/kdy-je-vhodne-najmout-si-zahradnika\/","headline":"Kdy je vhodn\u00e9 najmout si zahradn\u00edka","name":"Kdy je vhodn\u00e9 najmout si zahradn\u00edka","description":"V\u011bt\u0161ina z\u00a0n\u00e1s se o zahradu star\u00e1 sama. Ani si neuv\u011bdomujeme, \u017ee tomu tak nemus\u00ed b\u00fdt. Jako u mnoha jin\u00fdch v\u011bc\u00ed, i zde si m\u016f\u017eeme najmout profesion\u00e1ln\u00ed pomoc. V\u00a0podstat\u011b to znamen\u00e1, \u017ee si najmeme zahradn\u00edka, kter\u00fd se n\u00e1m bude o n\u00e1\u0161 pozemek starat. Je v\u0161ak vid\u011bt, \u017ee tato slu\u017eba nen\u00ed p\u0159\u00edli\u0161 vyu\u017e\u00edvan\u00e1, a to z\u00a0mnoha nejr\u016fzn\u011bj\u0161\u00edch [&hellip;]","datePublished":"2024-08-23","dateModified":"2024-08-23","author":{"@type":"Person","@id":"https:\/\/www.ocmo.cz\/author\/#Person","name":"","url":"https:\/\/www.ocmo.cz\/author\/","identifier":1,"image":{"@type":"ImageObject","@id":"https:\/\/secure.gravatar.com\/avatar\/087c2e57f451bc02fa8017914855d7c40cf6c7d5dc1637b868e007adc26322d1?s=96&d=mm&r=g","url":"https:\/\/secure.gravatar.com\/avatar\/087c2e57f451bc02fa8017914855d7c40cf6c7d5dc1637b868e007adc26322d1?s=96&d=mm&r=g","height":96,"width":96}},"publisher":{"@type":"Organization","name":"ocmo.cz","logo":{"@type":"ImageObject","@id":"\/logo.png","url":"\/logo.png","width":600,"height":60}},"image":{"@type":"ImageObject","@id":"https:\/\/www.ocmo.cz\/wp-content\/uploads\/zahrada5_8.png","url":"https:\/\/www.ocmo.cz\/wp-content\/uploads\/zahrada5_8.png","height":0,"width":0},"url":"https:\/\/www.ocmo.cz\/kdy-je-vhodne-najmout-si-zahradnika\/","about":["Zahrada a d\u016fm"],"wordCount":430,"articleBody":"V\u011bt\u0161ina z\u00a0n\u00e1s se o zahradu star\u00e1 sama. Ani si neuv\u011bdomujeme, \u017ee tomu tak nemus\u00ed b\u00fdt. Jako u mnoha jin\u00fdch v\u011bc\u00ed, i zde si m\u016f\u017eeme najmout profesion\u00e1ln\u00ed pomoc. V\u00a0podstat\u011b to znamen\u00e1, \u017ee si najmeme zahradn\u00edka, kter\u00fd se n\u00e1m bude o n\u00e1\u0161 pozemek starat. Je v\u0161ak vid\u011bt, \u017ee tato slu\u017eba nen\u00ed p\u0159\u00edli\u0161 vyu\u017e\u00edvan\u00e1, a to z\u00a0mnoha nejr\u016fzn\u011bj\u0161\u00edch d\u016fvod\u016f. T\u00edm hlavn\u00edm je, \u017ee se to b\u011b\u017en\u00e9mu \u010dlov\u011bku v\u00a0naprost\u00e9 v\u011bt\u0161in\u011b p\u0159\u00edpad\u016f zkr\u00e1tka nevyplat\u00ed. Jednodu\u0161e \u0159e\u010deno, b\u011b\u017en\u00fd \u010dlov\u011bk m\u00e1 tak mal\u00fd pozemek, \u017ee je pro n\u011bj finan\u010dn\u011b v\u00fdhodn\u011bj\u0161\u00ed, kdy\u017e se o n\u011bj star\u00e1 s\u00e1m. Nezabere to toti\u017e takovou dobu, zvl\u00e1\u0161t\u011b kdy\u017e na n\u00ed nechceme m\u00edt nic zvl\u00e1\u0161tn\u00edho, pouze tr\u00e1vn\u00edk a p\u0159\u00edpadn\u011b jeden z\u00e1honek.Je tedy zbyte\u010dn\u00e9 utr\u00e1cet. Jin\u00e9 to v\u0161ak je, pokud se jedn\u00e1 o velkou plochu. Zde toti\u017e p\u00e9\u010de o n\u00ed zabere mnoho \u010dasu, zvl\u00e1\u0161t\u011b pokud zde chceme m\u00edt nap\u0159\u00edklad ozdobn\u00e9 ke\u0159e a kv\u011btiny. A to je \u010das, kter\u00fd b\u011b\u017en\u00fd \u010dlov\u011bk zkr\u00e1tka nem\u00e1, nehled\u011b na to, \u017ee v\u011bt\u0161inou nem\u00e1me ani zdaleka dostate\u010dn\u00e9 znalosti a zku\u0161enosti k\u00a0tomu, abychom ji skute\u010dn\u011b m\u011bli v\u00a0tak dobr\u00e9m stavu, jak bychom si p\u0159edstavovali. P\u0159\u00edkladem zde mohou b\u00fdt z\u00e1meck\u00e9 zahrady, av\u0161ak v\u00a0dne\u0161n\u00ed dob\u011b ji\u017e maj\u00ed velk\u00e9 pozemky i mnoz\u00ed b\u011b\u017en\u00ed lid\u00e9. V\u00a0takov\u00e9m p\u0159\u00edpad\u011b je samoz\u0159ejm\u011b mnohem lep\u0161\u00ed najmout profesion\u00e1ln\u00ed pomoc. Jen tak toti\u017e zajist\u00edme, \u017ee z\u00a0na\u0161\u00ed zahrady nebude v\u0159esovi\u0161t\u011b, po kter\u00e9m se nebude d\u00e1t j\u00edt. Je ov\u0161em pot\u0159eba po\u010d\u00edtat s\u00a0t\u00edm, \u017ee i zde budou ur\u010dit\u00e9 probl\u00e9my, o kter\u00fdch je nutn\u00e9 v\u011bd\u011bt. Samoz\u0159ejm\u011b je nutn\u00e9 po\u010d\u00edtat s\u00a0t\u00edm, \u017ee za tyto slu\u017eby budeme muset zaplatit, co\u017e nemus\u00ed b\u00fdt pro ka\u017ed\u00e9ho mo\u017en\u00e9, zvl\u00e1\u0161t\u011b v\u00a0dne\u0161n\u00ed ekonomick\u00e9 situaci. D\u00e1le je tu fakt, \u017ee takto budou na n\u00e1\u0161 pozemek vstupovat de facto ciz\u00ed lid\u00e9, a ne v\u0161ichni s\u00a0t\u00edm mohou souhlasit. Ne\u017e tedy zahradn\u00edka najmeme, je dobr\u00e9 se pod\u00edvat, zda se n\u00e1m to vyplat\u00ed, a zda je to skute\u010dn\u011b to, co chceme. Jen tak na\u0161e zahrada bude skute\u010dn\u011b na\u0161\u00ed p\u00fdchou.                                                                                                                                                                                                                                                                                                                                                                                        3.7\/5 - (4 votes)        "},{"@context":"https:\/\/schema.org\/","@type":"BreadcrumbList","itemListElement":[{"@type":"ListItem","position":1,"name":"Kdy je vhodn\u00e9 najmout si zahradn\u00edka","item":"https:\/\/www.ocmo.cz\/kdy-je-vhodne-najmout-si-zahradnika\/#breadcrumbitem"}]}]